{"id":36487,"date":"2021-03-09T18:31:10","date_gmt":"2021-03-09T17:31:10","guid":{"rendered":"https:\/\/oeko-feldtage.de\/eco-field-days-2023-in-baden-wuerttemberg-for-the-first-time\/"},"modified":"2021-03-09T18:31:10","modified_gmt":"2021-03-09T17:31:10","slug":"eco-field-days-2023-in-baden-wuerttemberg-for-the-first-time","status":"publish","type":"post","link":"https:\/\/oeko-feldtage.de\/en\/eco-field-days-2023-in-baden-wuerttemberg-for-the-first-time\/","title":{"rendered":"Eco-Field Days 2023 in Baden-W\u00fcrttemberg for the first time"},"content":{"rendered":"<p>In 2023, the Organic Field Days will open their doors in Baden-W\u00fcrttemberg for the first time. On March 3, 2021, a working meeting was held at the new venue, the Grieshaber &amp; Schmid organic farm in Ditzingen near Stuttgart, which was also attended by Agriculture Minister Peter Hauk. He signed an agreement in principle with the farm and FiBL Projekte GmbH, meaning that the 2023 Organic Field Days can now go ahead with detailed planning. &#8220;We are delighted that the 2023 Organic Field Days will be held in Baden-W\u00fcrttemberg for the first time,&#8221; explained the responsible project manager Carsten Veller. A strong partner has been found in the organic farm Grieshaber &amp; Schmid, which has been successfully practising organic farming for 40 years. The 2021 Organic Field Days at the Hessian state domain Gladbacherhof in Vilmar, which were canceled in January due to the pandemic, will most likely be postponed to June 2022.     <\/p>\n","protected":false},"excerpt":{"rendered":"<p>In 2023, the Organic Field Days will open their doors in Baden-W\u00fcrttemberg for the first time. On March 3, 2021, a working meeting was held at the new venue, the Grieshaber &amp; Schmid organic farm in Ditzingen near Stuttgart, which was also attended by Agriculture Minister Peter Hauk. He signed an agreement in principle with the farm and FiBL Projekte GmbH, meaning that the 2023 Organic Field Days can now go ahead with detailed planning.  <\/p>\n","protected":false},"author":2,"featured_media":14814,"comment_status":"closed","ping_status":"closed","sticky":false,"template":"","format":"standard","meta":{"_acf_changed":false,"_et_pb_use_builder":"","_et_pb_old_content":"","_et_gb_content_width":"","footnotes":""},"categories":[497],"tags":[],"class_list":["post-36487","post","type-post","status-publish","format-standard","has-post-thumbnail","hentry","category-latest-news"],"acf":[],"yoast_head":"<!-- This site is optimized with the Yoast SEO plugin v27.4 - https:\/\/yoast.com\/product\/yoast-seo-wordpress\/ -->\n<title>Eco-Field Days 2023 in Baden-W\u00fcrttemberg for the first time - \u00d6ko-Feldtage<\/title>\n<meta name=\"robots\" content=\"index, follow, max-snippet:-1, max-image-preview:large, max-video-preview:-1\" \/>\n<link rel=\"canonical\" href=\"https:\/\/oeko-feldtage.de\/en\/eco-field-days-2023-in-baden-wuerttemberg-for-the-first-time\/\" \/>\n<meta property=\"og:locale\" content=\"en_US\" \/>\n<meta property=\"og:type\" content=\"article\" \/>\n<meta property=\"og:title\" content=\"Eco-Field Days 2023 in Baden-W\u00fcrttemberg for the first time - \u00d6ko-Feldtage\" \/>\n<meta property=\"og:description\" content=\"In 2023, the Organic Field Days will open their doors in Baden-W\u00fcrttemberg for the first time. On March 3, 2021, a working meeting was held at the new venue, the Grieshaber &amp; Schmid organic farm in Ditzingen near Stuttgart, which was also attended by Agriculture Minister Peter Hauk. He signed an agreement in principle with the farm and FiBL Projekte GmbH, meaning that the 2023 Organic Field Days can now go ahead with detailed planning.\" \/>\n<meta property=\"og:url\" content=\"https:\/\/oeko-feldtage.de\/en\/eco-field-days-2023-in-baden-wuerttemberg-for-the-first-time\/\" \/>\n<meta property=\"og:site_name\" content=\"\u00d6ko-Feldtage\" \/>\n<meta property=\"article:publisher\" content=\"https:\/\/www.facebook.com\/OekoFeldtage\/\" \/>\n<meta property=\"article:published_time\" content=\"2021-03-09T17:31:10+00:00\" \/>\n<meta property=\"og:image\" content=\"https:\/\/oeko-feldtage.de\/wp-content\/uploads\/oeft23_Minister_Gruppenbild_210303_\u00a9MLR-scaled.jpg\" \/>\n\t<meta property=\"og:image:width\" content=\"2560\" \/>\n\t<meta property=\"og:image:height\" content=\"1920\" \/>\n\t<meta property=\"og:image:type\" content=\"image\/jpeg\" \/>\n<meta name=\"author\" content=\"Hella Hansen\" \/>\n<meta name=\"twitter:card\" content=\"summary_large_image\" \/>\n<meta name=\"twitter:label1\" content=\"Written by\" \/>\n\t<meta name=\"twitter:data1\" content=\"Hella Hansen\" \/>\n\t<meta name=\"twitter:label2\" content=\"Est. reading time\" \/>\n\t<meta name=\"twitter:data2\" content=\"1 minute\" \/>\n<script type=\"application\/ld+json\" class=\"yoast-schema-graph\">{\"@context\":\"https:\\\/\\\/schema.org\",\"@graph\":[{\"@type\":\"Article\",\"@id\":\"https:\\\/\\\/oeko-feldtage.de\\\/en\\\/eco-field-days-2023-in-baden-wuerttemberg-for-the-first-time\\\/#article\",\"isPartOf\":{\"@id\":\"https:\\\/\\\/oeko-feldtage.de\\\/en\\\/eco-field-days-2023-in-baden-wuerttemberg-for-the-first-time\\\/\"},\"author\":{\"name\":\"Hella Hansen\",\"@id\":\"https:\\\/\\\/oeko-feldtage.de\\\/en\\\/#\\\/schema\\\/person\\\/71937155a5735997009324c91ef4e241\"},\"headline\":\"Eco-Field Days 2023 in Baden-W\u00fcrttemberg for the first time\",\"datePublished\":\"2021-03-09T17:31:10+00:00\",\"mainEntityOfPage\":{\"@id\":\"https:\\\/\\\/oeko-feldtage.de\\\/en\\\/eco-field-days-2023-in-baden-wuerttemberg-for-the-first-time\\\/\"},\"wordCount\":156,\"publisher\":{\"@id\":\"https:\\\/\\\/oeko-feldtage.de\\\/en\\\/#organization\"},\"image\":{\"@id\":\"https:\\\/\\\/oeko-feldtage.de\\\/en\\\/eco-field-days-2023-in-baden-wuerttemberg-for-the-first-time\\\/#primaryimage\"},\"thumbnailUrl\":\"https:\\\/\\\/oeko-feldtage.de\\\/wp-content\\\/uploads\\\/oeft23_Minister_Gruppenbild_210303_\u00a9MLR-scaled.jpg\",\"articleSection\":[\"Latest news\"],\"inLanguage\":\"en-US\"},{\"@type\":\"WebPage\",\"@id\":\"https:\\\/\\\/oeko-feldtage.de\\\/en\\\/eco-field-days-2023-in-baden-wuerttemberg-for-the-first-time\\\/\",\"url\":\"https:\\\/\\\/oeko-feldtage.de\\\/en\\\/eco-field-days-2023-in-baden-wuerttemberg-for-the-first-time\\\/\",\"name\":\"Eco-Field Days 2023 in Baden-W\u00fcrttemberg for the first time - \u00d6ko-Feldtage\",\"isPartOf\":{\"@id\":\"https:\\\/\\\/oeko-feldtage.de\\\/en\\\/#website\"},\"primaryImageOfPage\":{\"@id\":\"https:\\\/\\\/oeko-feldtage.de\\\/en\\\/eco-field-days-2023-in-baden-wuerttemberg-for-the-first-time\\\/#primaryimage\"},\"image\":{\"@id\":\"https:\\\/\\\/oeko-feldtage.de\\\/en\\\/eco-field-days-2023-in-baden-wuerttemberg-for-the-first-time\\\/#primaryimage\"},\"thumbnailUrl\":\"https:\\\/\\\/oeko-feldtage.de\\\/wp-content\\\/uploads\\\/oeft23_Minister_Gruppenbild_210303_\u00a9MLR-scaled.jpg\",\"datePublished\":\"2021-03-09T17:31:10+00:00\",\"breadcrumb\":{\"@id\":\"https:\\\/\\\/oeko-feldtage.de\\\/en\\\/eco-field-days-2023-in-baden-wuerttemberg-for-the-first-time\\\/#breadcrumb\"},\"inLanguage\":\"en-US\",\"potentialAction\":[{\"@type\":\"ReadAction\",\"target\":[\"https:\\\/\\\/oeko-feldtage.de\\\/en\\\/eco-field-days-2023-in-baden-wuerttemberg-for-the-first-time\\\/\"]}]},{\"@type\":\"ImageObject\",\"inLanguage\":\"en-US\",\"@id\":\"https:\\\/\\\/oeko-feldtage.de\\\/en\\\/eco-field-days-2023-in-baden-wuerttemberg-for-the-first-time\\\/#primaryimage\",\"url\":\"https:\\\/\\\/oeko-feldtage.de\\\/wp-content\\\/uploads\\\/oeft23_Minister_Gruppenbild_210303_\u00a9MLR-scaled.jpg\",\"contentUrl\":\"https:\\\/\\\/oeko-feldtage.de\\\/wp-content\\\/uploads\\\/oeft23_Minister_Gruppenbild_210303_\u00a9MLR-scaled.jpg\",\"width\":2560,\"height\":1920},{\"@type\":\"BreadcrumbList\",\"@id\":\"https:\\\/\\\/oeko-feldtage.de\\\/en\\\/eco-field-days-2023-in-baden-wuerttemberg-for-the-first-time\\\/#breadcrumb\",\"itemListElement\":[{\"@type\":\"ListItem\",\"position\":1,\"name\":\"Startseite\",\"item\":\"https:\\\/\\\/oeko-feldtage.de\\\/en\\\/oeft\\\/\"},{\"@type\":\"ListItem\",\"position\":2,\"name\":\"Eco-Field Days 2023 in Baden-W\u00fcrttemberg for the first time\"}]},{\"@type\":\"WebSite\",\"@id\":\"https:\\\/\\\/oeko-feldtage.de\\\/en\\\/#website\",\"url\":\"https:\\\/\\\/oeko-feldtage.de\\\/en\\\/\",\"name\":\"\u00d6ko-Feldtage\",\"description\":\"Treffpunkt f\u00fcr die Landwirtschaft von morgen\",\"publisher\":{\"@id\":\"https:\\\/\\\/oeko-feldtage.de\\\/en\\\/#organization\"},\"potentialAction\":[{\"@type\":\"SearchAction\",\"target\":{\"@type\":\"EntryPoint\",\"urlTemplate\":\"https:\\\/\\\/oeko-feldtage.de\\\/en\\\/?s={search_term_string}\"},\"query-input\":{\"@type\":\"PropertyValueSpecification\",\"valueRequired\":true,\"valueName\":\"search_term_string\"}}],\"inLanguage\":\"en-US\"},{\"@type\":\"Organization\",\"@id\":\"https:\\\/\\\/oeko-feldtage.de\\\/en\\\/#organization\",\"name\":\"\u00d6ko-Feldtage\",\"url\":\"https:\\\/\\\/oeko-feldtage.de\\\/en\\\/\",\"logo\":{\"@type\":\"ImageObject\",\"inLanguage\":\"en-US\",\"@id\":\"https:\\\/\\\/oeko-feldtage.de\\\/en\\\/#\\\/schema\\\/logo\\\/image\\\/\",\"url\":\"https:\\\/\\\/oeko-feldtage.de\\\/wp-content\\\/uploads\\\/logo2-2.svg\",\"contentUrl\":\"https:\\\/\\\/oeko-feldtage.de\\\/wp-content\\\/uploads\\\/logo2-2.svg\",\"width\":1,\"height\":1,\"caption\":\"\u00d6ko-Feldtage\"},\"image\":{\"@id\":\"https:\\\/\\\/oeko-feldtage.de\\\/en\\\/#\\\/schema\\\/logo\\\/image\\\/\"},\"sameAs\":[\"https:\\\/\\\/www.facebook.com\\\/OekoFeldtage\\\/\",\"https:\\\/\\\/www.instagram.com\\\/oekofeldtage\\\/\"]},{\"@type\":\"Person\",\"@id\":\"https:\\\/\\\/oeko-feldtage.de\\\/en\\\/#\\\/schema\\\/person\\\/71937155a5735997009324c91ef4e241\",\"name\":\"Hella Hansen\",\"image\":{\"@type\":\"ImageObject\",\"inLanguage\":\"en-US\",\"@id\":\"https:\\\/\\\/secure.gravatar.com\\\/avatar\\\/5e5fbf90bc362d96311a7538b7489796459b3ef084b43b2f47c31d749b1770df?s=96&d=mm&r=g\",\"url\":\"https:\\\/\\\/secure.gravatar.com\\\/avatar\\\/5e5fbf90bc362d96311a7538b7489796459b3ef084b43b2f47c31d749b1770df?s=96&d=mm&r=g\",\"contentUrl\":\"https:\\\/\\\/secure.gravatar.com\\\/avatar\\\/5e5fbf90bc362d96311a7538b7489796459b3ef084b43b2f47c31d749b1770df?s=96&d=mm&r=g\",\"caption\":\"Hella Hansen\"}}]}<\/script>\n<!-- \/ Yoast SEO plugin. -->","yoast_head_json":{"title":"Eco-Field Days 2023 in Baden-W\u00fcrttemberg for the first time - \u00d6ko-Feldtage","robots":{"index":"index","follow":"follow","max-snippet":"max-snippet:-1","max-image-preview":"max-image-preview:large","max-video-preview":"max-video-preview:-1"},"canonical":"https:\/\/oeko-feldtage.de\/en\/eco-field-days-2023-in-baden-wuerttemberg-for-the-first-time\/","og_locale":"en_US","og_type":"article","og_title":"Eco-Field Days 2023 in Baden-W\u00fcrttemberg for the first time - \u00d6ko-Feldtage","og_description":"In 2023, the Organic Field Days will open their doors in Baden-W\u00fcrttemberg for the first time. On March 3, 2021, a working meeting was held at the new venue, the Grieshaber &amp; Schmid organic farm in Ditzingen near Stuttgart, which was also attended by Agriculture Minister Peter Hauk. He signed an agreement in principle with the farm and FiBL Projekte GmbH, meaning that the 2023 Organic Field Days can now go ahead with detailed planning.","og_url":"https:\/\/oeko-feldtage.de\/en\/eco-field-days-2023-in-baden-wuerttemberg-for-the-first-time\/","og_site_name":"\u00d6ko-Feldtage","article_publisher":"https:\/\/www.facebook.com\/OekoFeldtage\/","article_published_time":"2021-03-09T17:31:10+00:00","og_image":[{"width":2560,"height":1920,"url":"https:\/\/oeko-feldtage.de\/wp-content\/uploads\/oeft23_Minister_Gruppenbild_210303_\u00a9MLR-scaled.jpg","type":"image\/jpeg"}],"author":"Hella Hansen","twitter_card":"summary_large_image","twitter_misc":{"Written by":"Hella Hansen","Est. reading time":"1 minute"},"schema":{"@context":"https:\/\/schema.org","@graph":[{"@type":"Article","@id":"https:\/\/oeko-feldtage.de\/en\/eco-field-days-2023-in-baden-wuerttemberg-for-the-first-time\/#article","isPartOf":{"@id":"https:\/\/oeko-feldtage.de\/en\/eco-field-days-2023-in-baden-wuerttemberg-for-the-first-time\/"},"author":{"name":"Hella Hansen","@id":"https:\/\/oeko-feldtage.de\/en\/#\/schema\/person\/71937155a5735997009324c91ef4e241"},"headline":"Eco-Field Days 2023 in Baden-W\u00fcrttemberg for the first time","datePublished":"2021-03-09T17:31:10+00:00","mainEntityOfPage":{"@id":"https:\/\/oeko-feldtage.de\/en\/eco-field-days-2023-in-baden-wuerttemberg-for-the-first-time\/"},"wordCount":156,"publisher":{"@id":"https:\/\/oeko-feldtage.de\/en\/#organization"},"image":{"@id":"https:\/\/oeko-feldtage.de\/en\/eco-field-days-2023-in-baden-wuerttemberg-for-the-first-time\/#primaryimage"},"thumbnailUrl":"https:\/\/oeko-feldtage.de\/wp-content\/uploads\/oeft23_Minister_Gruppenbild_210303_\u00a9MLR-scaled.jpg","articleSection":["Latest news"],"inLanguage":"en-US"},{"@type":"WebPage","@id":"https:\/\/oeko-feldtage.de\/en\/eco-field-days-2023-in-baden-wuerttemberg-for-the-first-time\/","url":"https:\/\/oeko-feldtage.de\/en\/eco-field-days-2023-in-baden-wuerttemberg-for-the-first-time\/","name":"Eco-Field Days 2023 in Baden-W\u00fcrttemberg for the first time - \u00d6ko-Feldtage","isPartOf":{"@id":"https:\/\/oeko-feldtage.de\/en\/#website"},"primaryImageOfPage":{"@id":"https:\/\/oeko-feldtage.de\/en\/eco-field-days-2023-in-baden-wuerttemberg-for-the-first-time\/#primaryimage"},"image":{"@id":"https:\/\/oeko-feldtage.de\/en\/eco-field-days-2023-in-baden-wuerttemberg-for-the-first-time\/#primaryimage"},"thumbnailUrl":"https:\/\/oeko-feldtage.de\/wp-content\/uploads\/oeft23_Minister_Gruppenbild_210303_\u00a9MLR-scaled.jpg","datePublished":"2021-03-09T17:31:10+00:00","breadcrumb":{"@id":"https:\/\/oeko-feldtage.de\/en\/eco-field-days-2023-in-baden-wuerttemberg-for-the-first-time\/#breadcrumb"},"inLanguage":"en-US","potentialAction":[{"@type":"ReadAction","target":["https:\/\/oeko-feldtage.de\/en\/eco-field-days-2023-in-baden-wuerttemberg-for-the-first-time\/"]}]},{"@type":"ImageObject","inLanguage":"en-US","@id":"https:\/\/oeko-feldtage.de\/en\/eco-field-days-2023-in-baden-wuerttemberg-for-the-first-time\/#primaryimage","url":"https:\/\/oeko-feldtage.de\/wp-content\/uploads\/oeft23_Minister_Gruppenbild_210303_\u00a9MLR-scaled.jpg","contentUrl":"https:\/\/oeko-feldtage.de\/wp-content\/uploads\/oeft23_Minister_Gruppenbild_210303_\u00a9MLR-scaled.jpg","width":2560,"height":1920},{"@type":"BreadcrumbList","@id":"https:\/\/oeko-feldtage.de\/en\/eco-field-days-2023-in-baden-wuerttemberg-for-the-first-time\/#breadcrumb","itemListElement":[{"@type":"ListItem","position":1,"name":"Startseite","item":"https:\/\/oeko-feldtage.de\/en\/oeft\/"},{"@type":"ListItem","position":2,"name":"Eco-Field Days 2023 in Baden-W\u00fcrttemberg for the first time"}]},{"@type":"WebSite","@id":"https:\/\/oeko-feldtage.de\/en\/#website","url":"https:\/\/oeko-feldtage.de\/en\/","name":"\u00d6ko-Feldtage","description":"Treffpunkt f\u00fcr die Landwirtschaft von morgen","publisher":{"@id":"https:\/\/oeko-feldtage.de\/en\/#organization"},"potentialAction":[{"@type":"SearchAction","target":{"@type":"EntryPoint","urlTemplate":"https:\/\/oeko-feldtage.de\/en\/?s={search_term_string}"},"query-input":{"@type":"PropertyValueSpecification","valueRequired":true,"valueName":"search_term_string"}}],"inLanguage":"en-US"},{"@type":"Organization","@id":"https:\/\/oeko-feldtage.de\/en\/#organization","name":"\u00d6ko-Feldtage","url":"https:\/\/oeko-feldtage.de\/en\/","logo":{"@type":"ImageObject","inLanguage":"en-US","@id":"https:\/\/oeko-feldtage.de\/en\/#\/schema\/logo\/image\/","url":"https:\/\/oeko-feldtage.de\/wp-content\/uploads\/logo2-2.svg","contentUrl":"https:\/\/oeko-feldtage.de\/wp-content\/uploads\/logo2-2.svg","width":1,"height":1,"caption":"\u00d6ko-Feldtage"},"image":{"@id":"https:\/\/oeko-feldtage.de\/en\/#\/schema\/logo\/image\/"},"sameAs":["https:\/\/www.facebook.com\/OekoFeldtage\/","https:\/\/www.instagram.com\/oekofeldtage\/"]},{"@type":"Person","@id":"https:\/\/oeko-feldtage.de\/en\/#\/schema\/person\/71937155a5735997009324c91ef4e241","name":"Hella Hansen","image":{"@type":"ImageObject","inLanguage":"en-US","@id":"https:\/\/secure.gravatar.com\/avatar\/5e5fbf90bc362d96311a7538b7489796459b3ef084b43b2f47c31d749b1770df?s=96&d=mm&r=g","url":"https:\/\/secure.gravatar.com\/avatar\/5e5fbf90bc362d96311a7538b7489796459b3ef084b43b2f47c31d749b1770df?s=96&d=mm&r=g","contentUrl":"https:\/\/secure.gravatar.com\/avatar\/5e5fbf90bc362d96311a7538b7489796459b3ef084b43b2f47c31d749b1770df?s=96&d=mm&r=g","caption":"Hella Hansen"}}]}},"_links":{"self":[{"href":"https:\/\/oeko-feldtage.de\/en\/wp-json\/wp\/v2\/posts\/36487","targetHints":{"allow":["GET"]}}],"collection":[{"href":"https:\/\/oeko-feldtage.de\/en\/wp-json\/wp\/v2\/posts"}],"about":[{"href":"https:\/\/oeko-feldtage.de\/en\/wp-json\/wp\/v2\/types\/post"}],"author":[{"embeddable":true,"href":"https:\/\/oeko-feldtage.de\/en\/wp-json\/wp\/v2\/users\/2"}],"replies":[{"embeddable":true,"href":"https:\/\/oeko-feldtage.de\/en\/wp-json\/wp\/v2\/comments?post=36487"}],"version-history":[{"count":0,"href":"https:\/\/oeko-feldtage.de\/en\/wp-json\/wp\/v2\/posts\/36487\/revisions"}],"wp:featuredmedia":[{"embeddable":true,"href":"https:\/\/oeko-feldtage.de\/en\/wp-json\/wp\/v2\/media\/14814"}],"wp:attachment":[{"href":"https:\/\/oeko-feldtage.de\/en\/wp-json\/wp\/v2\/media?parent=36487"}],"wp:term":[{"taxonomy":"category","embeddable":true,"href":"https:\/\/oeko-feldtage.de\/en\/wp-json\/wp\/v2\/categories?post=36487"},{"taxonomy":"post_tag","embeddable":true,"href":"https:\/\/oeko-feldtage.de\/en\/wp-json\/wp\/v2\/tags?post=36487"}],"curies":[{"name":"wp","href":"https:\/\/api.w.org\/{rel}","templated":true}]}}