{"id":34382,"date":"2023-04-19T14:29:22","date_gmt":"2023-04-19T12:29:22","guid":{"rendered":"https:\/\/oeko-feldtage.de\/oeko-feldtage-2025-in-saxony\/"},"modified":"2026-03-31T13:52:50","modified_gmt":"2026-03-31T11:52:50","slug":"oeko-feldtage-2025-in-saxony","status":"publish","type":"post","link":"https:\/\/oeko-feldtage.de\/en\/oeko-feldtage-2025-in-saxony\/","title":{"rendered":"Eco-Field Days 2025 in Saxony"},"content":{"rendered":"<p><strong>Just under two months before the \u00d6ko-Feldtage in Baden-W\u00fcrttemberg on June 14 and 15, 2023, the date for the \u00d6ko-Feldtage 2025 has already been set. Saxony&#8217;s Minister of Agriculture Wolfram G\u00fcnther handed over a funding decision for 300,000 euros to FiBL Projekte GmbH on April 17 in Thallwitz for the organization of the \u00d6ko-Feldtage 2025 at Wassergut Canitz GmbH. Germany&#8217;s largest specialist and presence platform for organic farming will take place in Saxony for the first time from June 18 to 19, 2025.<br \/>\n<\/strong><\/p>\n<p>In keeping with the Canitz water estate, where the Saxon Organic Field Days are being held, the main theme for 2025 is groundwater protection. After all, sustainable organic farming and groundwater protection go hand in hand. <\/p>\n<p>&#8220;Organic farming in Saxony continued to grow last year, both in terms of the number of farms and the amount of organically farmed land. We will continue to support this growth. I am therefore particularly pleased that the 2025 Organic Field Days in Saxony will be held on the Canitz water estate near Leipzig,&#8221; said Wolfram G\u00fcnther, Saxony&#8217;s Minister of Agriculture, at the handover ceremony, adding: &#8220;The Organic Field Days are a meeting place for organic farming practitioners and anyone thinking about converting to organic farming. This is where innovative methods, technologies and services are presented and where knowledge and experience are shared. This is valuable for the development of the sector! I can already say: A warm welcome to Saxony in 2025.&#8221;<\/p>\n<p>Dr. Bernhard Wagner, Head of Wassergut Canitz GmbH, explains: &#8220;With the Eco-Field Days 2025 at Wassergut Canitz, we want to take the opportunity to present challenges and solutions to the topic of water conservation in agriculture to a broad specialist audience. It has always been particularly important to us to involve the entire agricultural sector in order to get them excited about water-conserving agriculture.&#8221;<br \/>\nAt the end of the event, guests of honor put together a large sign for the Eco-Field Days 2025 from many individual parts. It symbolizes that many institutions are working together to make this major event in Saxony a success. The sign will now stand as an advertising banner on the S11 main road leading to the Canitz water estate until the event. These measures are co-financed by tax revenue on the basis of the budget approved by the Saxon state parliament.   <\/p>\n<p>The current Organic Field Days 2023 will take place in just under two months: on June 14 and 15, 2023 at the Grieshaber &amp; Schmid organic farm in Ditzingen-Hirschlanden near Stuttgart. More information at www.oeko-feldtage.de   <\/p>\n<p><strong>Background<\/strong><\/p>\n<p>The nationwide Organic Field Days are a two-day meeting place for all organic farmers and all farmers who want to convert or are looking for new methods for environmentally friendly agriculture. The event offers players from the entire sector an ideal platform to discuss current topics with farmers and representatives from politics and business. The innovation show shows where organic farming stands and where it is heading.<br \/>\nThe program of the Organic Field Days offers a mixture of practice and research in organic crop production and animal husbandry. In demonstrations, visitors can see machines in practical use. Examples of innovations will show prototypes and new developments.<br \/>\nThe latest findings on challenges such as groundwater protection, animal welfare and nutrient management will be covered in forums and discussed by scientists and practitioners. Numerous demo plots will showcase new cereal and legume varieties and catch crops for organic farming. Companies and associations will present their products and advisory services. A cultural program and culinary, regional delicacies in organic quality round off the program. The organizer of the Organic Field Days is FiBL Projekte GmbH.        <\/p>\n<p><strong>Wassergut Canitz GmbH : An ideal event location<\/strong><\/p>\n<p><strong>Wassergut Canitz GmbH<\/strong> has been an organic farm since 1992 and works according to the guidelines of the Bioland Association. The GmbH was founded in 1994 as a subsidiary of Leipziger Wasserwerke. The most important goal of the company is to protect the drinking water resources in the catchment area of the waterworks in Canitz, Thallwitz and Naunhof. The focus is on environmental protection and soil fertility. Organic plant and animal products are produced on a total area of 800 hectares. This is done without the addition of synthetic chemical fertilizers. This ensures that no impurities get into the drinking water.      <\/p>\n<p>And this principle of drinking water protection is bearing fruit. The targeted, environmentally friendly management of particularly sensitive areas that are essential for the waterworks&#8217; wells has led to a significant reduction in nitrate levels in the groundwater. <\/p>\n<p>The guests of honor in front of the sign, from right to left: Thomas P\u00f6ge &#8211; Mayor of the municipality of Thallwitz; Dr. Bernhard Wagner &#8211; Managing Director of Wassergut Canitz GmbH; Wolfram G\u00fcnther &#8211; Minister of State for Energy, Climate Protection, Environment and Agriculture of Saxony; Gisela Reetz &#8211; State Secretary for Energy, Climate Protection, Environment and Agriculture of Saxony; Dr. Ulrich Meyer &#8211; Technical Managing Director of Leipziger Wasserwerke; Prof. Dr. J\u00fcrgen He\u00df &#8211; Chairman of the Board of FiBL Germany; Alexandra Feldmann &#8211; Managing Director of agra Ulrich Meyer &#8211; Technical Managing Director of Leipziger Wasserwerke; Prof. Dr. J\u00fcrgen He\u00df &#8211; Chairman of the Board FiBL Germany; Alexandra Feldmann &#8211; Managing Director agra Veranstaltungs GmbH; Carsten Veller &#8211; Project Manager \u00d6ko-Feldtage Program &amp; Network, FiBL Projekte GmbH; Dr. Uli Zerger &#8211; Managing Director of Stiftung \u00d6kologie und Landbau. Photo: EHH Photography <\/p>\n","protected":false},"excerpt":{"rendered":"<p>Less than two months before the \u00d6ko-Feldtage in Baden-W\u00fcrttemberg on June 14 and 15, 2023, the date for the \u00d6ko-Feldtage 2025 has already been set. On April 17, Saxony&#8217;s Minister of Agriculture Wolfram G\u00fcnther handed over a funding decision for 300,000 euros to FiBL Projekte GmbH in Thallwitz for the organization of the \u00d6ko-Feldtage 2025 at Wassergut Canitz GmbH. Germany&#8217;s largest specialist and presence platform for organic farming will take place from 18 to       June 19, 2025 for the first time in Saxony.  <\/p>\n","protected":false},"author":2,"featured_media":34272,"comment_status":"closed","ping_status":"closed","sticky":false,"template":"","format":"standard","meta":{"_acf_changed":false,"_et_pb_use_builder":"","_et_pb_old_content":"","_et_gb_content_width":"","footnotes":""},"categories":[496,497,133],"tags":[],"class_list":["post-34382","post","type-post","status-publish","format-standard","has-post-thumbnail","hentry","category-homepage-teaser","category-latest-news","category-uncategorized"],"acf":[],"yoast_head":"<!-- This site is optimized with the Yoast SEO plugin v27.5 - https:\/\/yoast.com\/product\/yoast-seo-wordpress\/ -->\n<title>Eco-Field Days 2025 in Saxony - \u00d6ko-Feldtage<\/title>\n<meta name=\"robots\" content=\"index, follow, max-snippet:-1, max-image-preview:large, max-video-preview:-1\" \/>\n<link rel=\"canonical\" href=\"https:\/\/oeko-feldtage.de\/en\/oeko-feldtage-2025-in-saxony\/\" \/>\n<meta property=\"og:locale\" content=\"en_US\" \/>\n<meta property=\"og:type\" content=\"article\" \/>\n<meta property=\"og:title\" content=\"Eco-Field Days 2025 in Saxony - \u00d6ko-Feldtage\" \/>\n<meta property=\"og:description\" content=\"Less than two months before the \u00d6ko-Feldtage in Baden-W\u00fcrttemberg on June 14 and 15, 2023, the date for the \u00d6ko-Feldtage 2025 has already been set. On April 17, Saxony&#039;s Minister of Agriculture Wolfram G\u00fcnther handed over a funding decision for 300,000 euros to FiBL Projekte GmbH in Thallwitz for the organization of the \u00d6ko-Feldtage 2025 at Wassergut Canitz GmbH. Germany&#039;s largest specialist and presence platform for organic farming will take place from 18 to    June 19, 2025 for the first time in Saxony.\" \/>\n<meta property=\"og:url\" content=\"https:\/\/oeko-feldtage.de\/en\/oeko-feldtage-2025-in-saxony\/\" \/>\n<meta property=\"og:site_name\" content=\"\u00d6ko-Feldtage\" \/>\n<meta property=\"article:publisher\" content=\"https:\/\/www.facebook.com\/OekoFeldtage\/\" \/>\n<meta property=\"article:published_time\" content=\"2023-04-19T12:29:22+00:00\" \/>\n<meta property=\"article:modified_time\" content=\"2026-03-31T11:52:50+00:00\" \/>\n<meta property=\"og:image\" content=\"https:\/\/oeko-feldtage.de\/wp-content\/uploads\/PEHH4573_Oekofeldtage_20230417_EHH_Fotografie_NK.jpg\" \/>\n\t<meta property=\"og:image:width\" content=\"2048\" \/>\n\t<meta property=\"og:image:height\" content=\"1365\" \/>\n\t<meta property=\"og:image:type\" content=\"image\/jpeg\" \/>\n<meta name=\"author\" content=\"Hella Hansen\" \/>\n<meta name=\"twitter:card\" content=\"summary_large_image\" \/>\n<meta name=\"twitter:label1\" content=\"Written by\" \/>\n\t<meta name=\"twitter:data1\" content=\"Hella Hansen\" \/>\n\t<meta name=\"twitter:label2\" content=\"Est. reading time\" \/>\n\t<meta name=\"twitter:data2\" content=\"4 minutes\" \/>\n<script type=\"application\/ld+json\" class=\"yoast-schema-graph\">{\"@context\":\"https:\\\/\\\/schema.org\",\"@graph\":[{\"@type\":\"Article\",\"@id\":\"https:\\\/\\\/oeko-feldtage.de\\\/en\\\/oeko-feldtage-2025-in-saxony\\\/#article\",\"isPartOf\":{\"@id\":\"https:\\\/\\\/oeko-feldtage.de\\\/en\\\/oeko-feldtage-2025-in-saxony\\\/\"},\"author\":{\"name\":\"Hella Hansen\",\"@id\":\"https:\\\/\\\/oeko-feldtage.de\\\/en\\\/#\\\/schema\\\/person\\\/71937155a5735997009324c91ef4e241\"},\"headline\":\"Eco-Field Days 2025 in Saxony\",\"datePublished\":\"2023-04-19T12:29:22+00:00\",\"dateModified\":\"2026-03-31T11:52:50+00:00\",\"mainEntityOfPage\":{\"@id\":\"https:\\\/\\\/oeko-feldtage.de\\\/en\\\/oeko-feldtage-2025-in-saxony\\\/\"},\"wordCount\":890,\"publisher\":{\"@id\":\"https:\\\/\\\/oeko-feldtage.de\\\/en\\\/#organization\"},\"image\":{\"@id\":\"https:\\\/\\\/oeko-feldtage.de\\\/en\\\/oeko-feldtage-2025-in-saxony\\\/#primaryimage\"},\"thumbnailUrl\":\"https:\\\/\\\/oeko-feldtage.de\\\/wp-content\\\/uploads\\\/PEHH4573_Oekofeldtage_20230417_EHH_Fotografie_NK.jpg\",\"articleSection\":[\"Homepage Teaser\",\"Latest news\"],\"inLanguage\":\"en-US\"},{\"@type\":\"WebPage\",\"@id\":\"https:\\\/\\\/oeko-feldtage.de\\\/en\\\/oeko-feldtage-2025-in-saxony\\\/\",\"url\":\"https:\\\/\\\/oeko-feldtage.de\\\/en\\\/oeko-feldtage-2025-in-saxony\\\/\",\"name\":\"Eco-Field Days 2025 in Saxony - \u00d6ko-Feldtage\",\"isPartOf\":{\"@id\":\"https:\\\/\\\/oeko-feldtage.de\\\/en\\\/#website\"},\"primaryImageOfPage\":{\"@id\":\"https:\\\/\\\/oeko-feldtage.de\\\/en\\\/oeko-feldtage-2025-in-saxony\\\/#primaryimage\"},\"image\":{\"@id\":\"https:\\\/\\\/oeko-feldtage.de\\\/en\\\/oeko-feldtage-2025-in-saxony\\\/#primaryimage\"},\"thumbnailUrl\":\"https:\\\/\\\/oeko-feldtage.de\\\/wp-content\\\/uploads\\\/PEHH4573_Oekofeldtage_20230417_EHH_Fotografie_NK.jpg\",\"datePublished\":\"2023-04-19T12:29:22+00:00\",\"dateModified\":\"2026-03-31T11:52:50+00:00\",\"breadcrumb\":{\"@id\":\"https:\\\/\\\/oeko-feldtage.de\\\/en\\\/oeko-feldtage-2025-in-saxony\\\/#breadcrumb\"},\"inLanguage\":\"en-US\",\"potentialAction\":[{\"@type\":\"ReadAction\",\"target\":[\"https:\\\/\\\/oeko-feldtage.de\\\/en\\\/oeko-feldtage-2025-in-saxony\\\/\"]}]},{\"@type\":\"ImageObject\",\"inLanguage\":\"en-US\",\"@id\":\"https:\\\/\\\/oeko-feldtage.de\\\/en\\\/oeko-feldtage-2025-in-saxony\\\/#primaryimage\",\"url\":\"https:\\\/\\\/oeko-feldtage.de\\\/wp-content\\\/uploads\\\/PEHH4573_Oekofeldtage_20230417_EHH_Fotografie_NK.jpg\",\"contentUrl\":\"https:\\\/\\\/oeko-feldtage.de\\\/wp-content\\\/uploads\\\/PEHH4573_Oekofeldtage_20230417_EHH_Fotografie_NK.jpg\",\"width\":2048,\"height\":1365},{\"@type\":\"BreadcrumbList\",\"@id\":\"https:\\\/\\\/oeko-feldtage.de\\\/en\\\/oeko-feldtage-2025-in-saxony\\\/#breadcrumb\",\"itemListElement\":[{\"@type\":\"ListItem\",\"position\":1,\"name\":\"Startseite\",\"item\":\"https:\\\/\\\/oeko-feldtage.de\\\/en\\\/oeft\\\/\"},{\"@type\":\"ListItem\",\"position\":2,\"name\":\"Eco-Field Days 2025 in Saxony\"}]},{\"@type\":\"WebSite\",\"@id\":\"https:\\\/\\\/oeko-feldtage.de\\\/en\\\/#website\",\"url\":\"https:\\\/\\\/oeko-feldtage.de\\\/en\\\/\",\"name\":\"\u00d6ko-Feldtage\",\"description\":\"Treffpunkt f\u00fcr die Landwirtschaft von morgen\",\"publisher\":{\"@id\":\"https:\\\/\\\/oeko-feldtage.de\\\/en\\\/#organization\"},\"potentialAction\":[{\"@type\":\"SearchAction\",\"target\":{\"@type\":\"EntryPoint\",\"urlTemplate\":\"https:\\\/\\\/oeko-feldtage.de\\\/en\\\/?s={search_term_string}\"},\"query-input\":{\"@type\":\"PropertyValueSpecification\",\"valueRequired\":true,\"valueName\":\"search_term_string\"}}],\"inLanguage\":\"en-US\"},{\"@type\":\"Organization\",\"@id\":\"https:\\\/\\\/oeko-feldtage.de\\\/en\\\/#organization\",\"name\":\"\u00d6ko-Feldtage\",\"url\":\"https:\\\/\\\/oeko-feldtage.de\\\/en\\\/\",\"logo\":{\"@type\":\"ImageObject\",\"inLanguage\":\"en-US\",\"@id\":\"https:\\\/\\\/oeko-feldtage.de\\\/en\\\/#\\\/schema\\\/logo\\\/image\\\/\",\"url\":\"https:\\\/\\\/oeko-feldtage.de\\\/wp-content\\\/uploads\\\/logo2-2.svg\",\"contentUrl\":\"https:\\\/\\\/oeko-feldtage.de\\\/wp-content\\\/uploads\\\/logo2-2.svg\",\"width\":1,\"height\":1,\"caption\":\"\u00d6ko-Feldtage\"},\"image\":{\"@id\":\"https:\\\/\\\/oeko-feldtage.de\\\/en\\\/#\\\/schema\\\/logo\\\/image\\\/\"},\"sameAs\":[\"https:\\\/\\\/www.facebook.com\\\/OekoFeldtage\\\/\",\"https:\\\/\\\/www.instagram.com\\\/oekofeldtage\\\/\"]},{\"@type\":\"Person\",\"@id\":\"https:\\\/\\\/oeko-feldtage.de\\\/en\\\/#\\\/schema\\\/person\\\/71937155a5735997009324c91ef4e241\",\"name\":\"Hella Hansen\",\"image\":{\"@type\":\"ImageObject\",\"inLanguage\":\"en-US\",\"@id\":\"https:\\\/\\\/secure.gravatar.com\\\/avatar\\\/5e5fbf90bc362d96311a7538b7489796459b3ef084b43b2f47c31d749b1770df?s=96&d=mm&r=g\",\"url\":\"https:\\\/\\\/secure.gravatar.com\\\/avatar\\\/5e5fbf90bc362d96311a7538b7489796459b3ef084b43b2f47c31d749b1770df?s=96&d=mm&r=g\",\"contentUrl\":\"https:\\\/\\\/secure.gravatar.com\\\/avatar\\\/5e5fbf90bc362d96311a7538b7489796459b3ef084b43b2f47c31d749b1770df?s=96&d=mm&r=g\",\"caption\":\"Hella Hansen\"}}]}<\/script>\n<!-- \/ Yoast SEO plugin. -->","yoast_head_json":{"title":"Eco-Field Days 2025 in Saxony - \u00d6ko-Feldtage","robots":{"index":"index","follow":"follow","max-snippet":"max-snippet:-1","max-image-preview":"max-image-preview:large","max-video-preview":"max-video-preview:-1"},"canonical":"https:\/\/oeko-feldtage.de\/en\/oeko-feldtage-2025-in-saxony\/","og_locale":"en_US","og_type":"article","og_title":"Eco-Field Days 2025 in Saxony - \u00d6ko-Feldtage","og_description":"Less than two months before the \u00d6ko-Feldtage in Baden-W\u00fcrttemberg on June 14 and 15, 2023, the date for the \u00d6ko-Feldtage 2025 has already been set. On April 17, Saxony's Minister of Agriculture Wolfram G\u00fcnther handed over a funding decision for 300,000 euros to FiBL Projekte GmbH in Thallwitz for the organization of the \u00d6ko-Feldtage 2025 at Wassergut Canitz GmbH. Germany's largest specialist and presence platform for organic farming will take place from 18 to    June 19, 2025 for the first time in Saxony.","og_url":"https:\/\/oeko-feldtage.de\/en\/oeko-feldtage-2025-in-saxony\/","og_site_name":"\u00d6ko-Feldtage","article_publisher":"https:\/\/www.facebook.com\/OekoFeldtage\/","article_published_time":"2023-04-19T12:29:22+00:00","article_modified_time":"2026-03-31T11:52:50+00:00","og_image":[{"width":2048,"height":1365,"url":"https:\/\/oeko-feldtage.de\/wp-content\/uploads\/PEHH4573_Oekofeldtage_20230417_EHH_Fotografie_NK.jpg","type":"image\/jpeg"}],"author":"Hella Hansen","twitter_card":"summary_large_image","twitter_misc":{"Written by":"Hella Hansen","Est. reading time":"4 minutes"},"schema":{"@context":"https:\/\/schema.org","@graph":[{"@type":"Article","@id":"https:\/\/oeko-feldtage.de\/en\/oeko-feldtage-2025-in-saxony\/#article","isPartOf":{"@id":"https:\/\/oeko-feldtage.de\/en\/oeko-feldtage-2025-in-saxony\/"},"author":{"name":"Hella Hansen","@id":"https:\/\/oeko-feldtage.de\/en\/#\/schema\/person\/71937155a5735997009324c91ef4e241"},"headline":"Eco-Field Days 2025 in Saxony","datePublished":"2023-04-19T12:29:22+00:00","dateModified":"2026-03-31T11:52:50+00:00","mainEntityOfPage":{"@id":"https:\/\/oeko-feldtage.de\/en\/oeko-feldtage-2025-in-saxony\/"},"wordCount":890,"publisher":{"@id":"https:\/\/oeko-feldtage.de\/en\/#organization"},"image":{"@id":"https:\/\/oeko-feldtage.de\/en\/oeko-feldtage-2025-in-saxony\/#primaryimage"},"thumbnailUrl":"https:\/\/oeko-feldtage.de\/wp-content\/uploads\/PEHH4573_Oekofeldtage_20230417_EHH_Fotografie_NK.jpg","articleSection":["Homepage Teaser","Latest news"],"inLanguage":"en-US"},{"@type":"WebPage","@id":"https:\/\/oeko-feldtage.de\/en\/oeko-feldtage-2025-in-saxony\/","url":"https:\/\/oeko-feldtage.de\/en\/oeko-feldtage-2025-in-saxony\/","name":"Eco-Field Days 2025 in Saxony - \u00d6ko-Feldtage","isPartOf":{"@id":"https:\/\/oeko-feldtage.de\/en\/#website"},"primaryImageOfPage":{"@id":"https:\/\/oeko-feldtage.de\/en\/oeko-feldtage-2025-in-saxony\/#primaryimage"},"image":{"@id":"https:\/\/oeko-feldtage.de\/en\/oeko-feldtage-2025-in-saxony\/#primaryimage"},"thumbnailUrl":"https:\/\/oeko-feldtage.de\/wp-content\/uploads\/PEHH4573_Oekofeldtage_20230417_EHH_Fotografie_NK.jpg","datePublished":"2023-04-19T12:29:22+00:00","dateModified":"2026-03-31T11:52:50+00:00","breadcrumb":{"@id":"https:\/\/oeko-feldtage.de\/en\/oeko-feldtage-2025-in-saxony\/#breadcrumb"},"inLanguage":"en-US","potentialAction":[{"@type":"ReadAction","target":["https:\/\/oeko-feldtage.de\/en\/oeko-feldtage-2025-in-saxony\/"]}]},{"@type":"ImageObject","inLanguage":"en-US","@id":"https:\/\/oeko-feldtage.de\/en\/oeko-feldtage-2025-in-saxony\/#primaryimage","url":"https:\/\/oeko-feldtage.de\/wp-content\/uploads\/PEHH4573_Oekofeldtage_20230417_EHH_Fotografie_NK.jpg","contentUrl":"https:\/\/oeko-feldtage.de\/wp-content\/uploads\/PEHH4573_Oekofeldtage_20230417_EHH_Fotografie_NK.jpg","width":2048,"height":1365},{"@type":"BreadcrumbList","@id":"https:\/\/oeko-feldtage.de\/en\/oeko-feldtage-2025-in-saxony\/#breadcrumb","itemListElement":[{"@type":"ListItem","position":1,"name":"Startseite","item":"https:\/\/oeko-feldtage.de\/en\/oeft\/"},{"@type":"ListItem","position":2,"name":"Eco-Field Days 2025 in Saxony"}]},{"@type":"WebSite","@id":"https:\/\/oeko-feldtage.de\/en\/#website","url":"https:\/\/oeko-feldtage.de\/en\/","name":"\u00d6ko-Feldtage","description":"Treffpunkt f\u00fcr die Landwirtschaft von morgen","publisher":{"@id":"https:\/\/oeko-feldtage.de\/en\/#organization"},"potentialAction":[{"@type":"SearchAction","target":{"@type":"EntryPoint","urlTemplate":"https:\/\/oeko-feldtage.de\/en\/?s={search_term_string}"},"query-input":{"@type":"PropertyValueSpecification","valueRequired":true,"valueName":"search_term_string"}}],"inLanguage":"en-US"},{"@type":"Organization","@id":"https:\/\/oeko-feldtage.de\/en\/#organization","name":"\u00d6ko-Feldtage","url":"https:\/\/oeko-feldtage.de\/en\/","logo":{"@type":"ImageObject","inLanguage":"en-US","@id":"https:\/\/oeko-feldtage.de\/en\/#\/schema\/logo\/image\/","url":"https:\/\/oeko-feldtage.de\/wp-content\/uploads\/logo2-2.svg","contentUrl":"https:\/\/oeko-feldtage.de\/wp-content\/uploads\/logo2-2.svg","width":1,"height":1,"caption":"\u00d6ko-Feldtage"},"image":{"@id":"https:\/\/oeko-feldtage.de\/en\/#\/schema\/logo\/image\/"},"sameAs":["https:\/\/www.facebook.com\/OekoFeldtage\/","https:\/\/www.instagram.com\/oekofeldtage\/"]},{"@type":"Person","@id":"https:\/\/oeko-feldtage.de\/en\/#\/schema\/person\/71937155a5735997009324c91ef4e241","name":"Hella Hansen","image":{"@type":"ImageObject","inLanguage":"en-US","@id":"https:\/\/secure.gravatar.com\/avatar\/5e5fbf90bc362d96311a7538b7489796459b3ef084b43b2f47c31d749b1770df?s=96&d=mm&r=g","url":"https:\/\/secure.gravatar.com\/avatar\/5e5fbf90bc362d96311a7538b7489796459b3ef084b43b2f47c31d749b1770df?s=96&d=mm&r=g","contentUrl":"https:\/\/secure.gravatar.com\/avatar\/5e5fbf90bc362d96311a7538b7489796459b3ef084b43b2f47c31d749b1770df?s=96&d=mm&r=g","caption":"Hella Hansen"}}]}},"_links":{"self":[{"href":"https:\/\/oeko-feldtage.de\/en\/wp-json\/wp\/v2\/posts\/34382","targetHints":{"allow":["GET"]}}],"collection":[{"href":"https:\/\/oeko-feldtage.de\/en\/wp-json\/wp\/v2\/posts"}],"about":[{"href":"https:\/\/oeko-feldtage.de\/en\/wp-json\/wp\/v2\/types\/post"}],"author":[{"embeddable":true,"href":"https:\/\/oeko-feldtage.de\/en\/wp-json\/wp\/v2\/users\/2"}],"replies":[{"embeddable":true,"href":"https:\/\/oeko-feldtage.de\/en\/wp-json\/wp\/v2\/comments?post=34382"}],"version-history":[{"count":1,"href":"https:\/\/oeko-feldtage.de\/en\/wp-json\/wp\/v2\/posts\/34382\/revisions"}],"predecessor-version":[{"id":36391,"href":"https:\/\/oeko-feldtage.de\/en\/wp-json\/wp\/v2\/posts\/34382\/revisions\/36391"}],"wp:featuredmedia":[{"embeddable":true,"href":"https:\/\/oeko-feldtage.de\/en\/wp-json\/wp\/v2\/media\/34272"}],"wp:attachment":[{"href":"https:\/\/oeko-feldtage.de\/en\/wp-json\/wp\/v2\/media?parent=34382"}],"wp:term":[{"taxonomy":"category","embeddable":true,"href":"https:\/\/oeko-feldtage.de\/en\/wp-json\/wp\/v2\/categories?post=34382"},{"taxonomy":"post_tag","embeddable":true,"href":"https:\/\/oeko-feldtage.de\/en\/wp-json\/wp\/v2\/tags?post=34382"}],"curies":[{"name":"wp","href":"https:\/\/api.w.org\/{rel}","templated":true}]}}