{"id":34379,"date":"2023-05-05T11:17:06","date_gmt":"2023-05-05T09:17:06","guid":{"rendered":"https:\/\/oeko-feldtage.de\/oeko-feldtage-2023-cycling-for-more-organic-food\/"},"modified":"2026-03-31T13:42:16","modified_gmt":"2026-03-31T11:42:16","slug":"oeko-feldtage-2023-cycling-for-more-organic-food","status":"publish","type":"post","link":"https:\/\/oeko-feldtage.de\/en\/oeko-feldtage-2023-cycling-for-more-organic-food\/","title":{"rendered":"\u00d6ko-Feldtage 2023 &#8211; Cycling for more organic food"},"content":{"rendered":"<div class=\"et_pb_text_inner\">\n<p><strong>In 40 days, the fourth Organic Field Days will open its doors on June 14 and 15, 2023 at the Grieshaber &amp; Schmid organic farm.<\/strong> Around 50 cyclists are already exploring the organic sector in Baden-W\u00fcrttemberg. From May 4 to 9, they will cycle from Stuttgart via Balingen, Freiburg and Karlsruhe to Ditzingen, where the Organic Field Days will take place. The purpose: to have fun, network and get to know almost 30 agricultural businesses, associations, universities and advisory organizations along the way.  <\/p>\n<p>&#8220;The idea actually came about because we all like cycling and we can experience the diversity of organic farming in the southwest together. The bike tour is like a relay ride to the organic field days. It&#8217;s great that we&#8217;ve worked so well together right from the start and are using our large network to put together innovative Organic Field Days 2023,&#8221; emphasized the team organizing the bike tour, led by Robert Hermanowski from the Research Institute of Organic Agriculture (FiBL).<\/p>\n<p>Around 50 people from various institutions who have been planning the Eco Field Days 2023 for around two years and will be taking part in the cycle tour in a few weeks&#8217; time. &#8220;We like to get moving and want to make a difference. At the same time, we are using the tour to show how diverse organic farming in Baden-W\u00fcrttemberg already is,&#8221; say the organizers of the bike tour. The daily stages of the six-day privately organized cycle tour are 50-60 kilometers. Most cyclists take part in sections of one to three days.   <\/p>\n<h2>Ministry of Agriculture and the University of Hohenheim are stations<\/h2>\n<p>Yesterday, 30 cyclists met in Erdmannhausen, north-east of Stuttgart, known for its crispy Huober pretzels. A guided tour of the pretzel museum cleared up all the mysteries surrounding the pretzel and whetted the appetite for more. So we got on our bikes and started pedaling &#8211; via the Voltz organic farm in Burgstetten and the Weber bakery in Winnenden to the Ministry of Agriculture.  <\/p>\n<p>There, Ministerial Director Grit Puchan awaited the cyclists, who took a refreshment break in front of the Ministry of Food, Rural Areas and Consumer Protection. &#8220;I can already feel the anticipation and am looking forward to the exchange, the discussions and the impulses during the Organic Field Days 2023. The Organic Field Days are an important building block for the further development of organic farming in Baden-W\u00fcrttemberg,&#8221; said Grit Puchan. <\/p>\n<p>The last part of the day led from Stuttgart to the University of Hohenheim, where the cyclists were welcomed by students from the Sustainability Working Group and the Organic Farming Working Group. A lively exchange quickly developed between the eco-cyclists and the students &#8211; combined with the agreement to continue the discussions at the Eco-Field Days. <\/p>\n<p>The next stages of the cycle tour continue via N\u00fcrtingen, T\u00fcbingen, \u00dcberlingen, Titisee, Freiburg and Karlsruhe to Ditzingen. Along the way, there are numerous other organic farms and institutions that represent Baden-W\u00fcrttemberg&#8217;s diverse organic landscape. The finish line is on May 9 at the site of the \u00d6ko-Feldtage 2023 &#8211; the Grieshaber &amp; Schmid organic farm in Ditzingen-Hirschlanden.  <\/p>\n<\/div>\n","protected":false},"excerpt":{"rendered":"<p>In 40 days, the fourth Organic Field Days will open its doors on June 14 and 15, 2023 at the Grieshaber &amp; Schmid organic farm. Around 50 cyclists are already exploring the organic sector in Baden-W\u00fcrttemberg. From May 4 to 9, they will cycle from Stuttgart via Balingen, Freiburg and Karlsruhe to Ditzingen, where the Organic Field Days will take place.     The purpose: to have fun, network and get to know almost 30 agricultural businesses, associations, universities and advisory organizations along the way.  <\/p>\n","protected":false},"author":1,"featured_media":34253,"comment_status":"closed","ping_status":"closed","sticky":false,"template":"","format":"standard","meta":{"_acf_changed":false,"_et_pb_use_builder":"","_et_pb_old_content":"","_et_gb_content_width":"","footnotes":""},"categories":[497,133],"tags":[],"class_list":["post-34379","post","type-post","status-publish","format-standard","has-post-thumbnail","hentry","category-latest-news","category-uncategorized"],"acf":[],"yoast_head":"<!-- This site is optimized with the Yoast SEO plugin v27.5 - https:\/\/yoast.com\/product\/yoast-seo-wordpress\/ -->\n<title>\u00d6ko-Feldtage 2023 - Cycling for more organic food - \u00d6ko-Feldtage<\/title>\n<meta name=\"robots\" content=\"index, follow, max-snippet:-1, max-image-preview:large, max-video-preview:-1\" \/>\n<link rel=\"canonical\" href=\"https:\/\/oeko-feldtage.de\/en\/oeko-feldtage-2023-cycling-for-more-organic-food\/\" \/>\n<meta property=\"og:locale\" content=\"en_US\" \/>\n<meta property=\"og:type\" content=\"article\" \/>\n<meta property=\"og:title\" content=\"\u00d6ko-Feldtage 2023 - Cycling for more organic food - \u00d6ko-Feldtage\" \/>\n<meta property=\"og:description\" content=\"In 40 days, the fourth Organic Field Days will open its doors on June 14 and 15, 2023 at the Grieshaber &amp; Schmid organic farm. Around 50 cyclists are already exploring the organic sector in Baden-W\u00fcrttemberg. From May 4 to 9, they will cycle from Stuttgart via Balingen, Freiburg and Karlsruhe to Ditzingen, where the Organic Field Days will take place.   The purpose: to have fun, network and get to know almost 30 agricultural businesses, associations, universities and advisory organizations along the way.\" \/>\n<meta property=\"og:url\" content=\"https:\/\/oeko-feldtage.de\/en\/oeko-feldtage-2023-cycling-for-more-organic-food\/\" \/>\n<meta property=\"og:site_name\" content=\"\u00d6ko-Feldtage\" \/>\n<meta property=\"article:publisher\" content=\"https:\/\/www.facebook.com\/OekoFeldtage\/\" \/>\n<meta property=\"article:published_time\" content=\"2023-05-05T09:17:06+00:00\" \/>\n<meta property=\"article:modified_time\" content=\"2026-03-31T11:42:16+00:00\" \/>\n<meta property=\"og:image\" content=\"https:\/\/oeko-feldtage.de\/wp-content\/uploads\/henrikm.fotografie-230504-22-1030x686.jpg\" \/>\n\t<meta property=\"og:image:width\" content=\"1030\" \/>\n\t<meta property=\"og:image:height\" content=\"686\" \/>\n\t<meta property=\"og:image:type\" content=\"image\/jpeg\" \/>\n<meta name=\"author\" content=\"Adam Zolnierek\" \/>\n<meta name=\"twitter:card\" content=\"summary_large_image\" \/>\n<meta name=\"twitter:label1\" content=\"Written by\" \/>\n\t<meta name=\"twitter:data1\" content=\"Adam Zolnierek\" \/>\n\t<meta name=\"twitter:label2\" content=\"Est. reading time\" \/>\n\t<meta name=\"twitter:data2\" content=\"3 minutes\" \/>\n<script type=\"application\/ld+json\" class=\"yoast-schema-graph\">{\"@context\":\"https:\\\/\\\/schema.org\",\"@graph\":[{\"@type\":\"Article\",\"@id\":\"https:\\\/\\\/oeko-feldtage.de\\\/en\\\/oeko-feldtage-2023-cycling-for-more-organic-food\\\/#article\",\"isPartOf\":{\"@id\":\"https:\\\/\\\/oeko-feldtage.de\\\/en\\\/oeko-feldtage-2023-cycling-for-more-organic-food\\\/\"},\"author\":{\"name\":\"Adam Zolnierek\",\"@id\":\"https:\\\/\\\/oeko-feldtage.de\\\/en\\\/#\\\/schema\\\/person\\\/4b0312e3f85cc1c3e7c5a8ea247c2e65\"},\"headline\":\"\u00d6ko-Feldtage 2023 &#8211; Cycling for more organic food\",\"datePublished\":\"2023-05-05T09:17:06+00:00\",\"dateModified\":\"2026-03-31T11:42:16+00:00\",\"mainEntityOfPage\":{\"@id\":\"https:\\\/\\\/oeko-feldtage.de\\\/en\\\/oeko-feldtage-2023-cycling-for-more-organic-food\\\/\"},\"wordCount\":517,\"publisher\":{\"@id\":\"https:\\\/\\\/oeko-feldtage.de\\\/en\\\/#organization\"},\"image\":{\"@id\":\"https:\\\/\\\/oeko-feldtage.de\\\/en\\\/oeko-feldtage-2023-cycling-for-more-organic-food\\\/#primaryimage\"},\"thumbnailUrl\":\"https:\\\/\\\/oeko-feldtage.de\\\/wp-content\\\/uploads\\\/henrikm.fotografie-230504-22.jpg\",\"articleSection\":[\"Latest news\"],\"inLanguage\":\"en-US\"},{\"@type\":\"WebPage\",\"@id\":\"https:\\\/\\\/oeko-feldtage.de\\\/en\\\/oeko-feldtage-2023-cycling-for-more-organic-food\\\/\",\"url\":\"https:\\\/\\\/oeko-feldtage.de\\\/en\\\/oeko-feldtage-2023-cycling-for-more-organic-food\\\/\",\"name\":\"\u00d6ko-Feldtage 2023 - Cycling for more organic food - \u00d6ko-Feldtage\",\"isPartOf\":{\"@id\":\"https:\\\/\\\/oeko-feldtage.de\\\/en\\\/#website\"},\"primaryImageOfPage\":{\"@id\":\"https:\\\/\\\/oeko-feldtage.de\\\/en\\\/oeko-feldtage-2023-cycling-for-more-organic-food\\\/#primaryimage\"},\"image\":{\"@id\":\"https:\\\/\\\/oeko-feldtage.de\\\/en\\\/oeko-feldtage-2023-cycling-for-more-organic-food\\\/#primaryimage\"},\"thumbnailUrl\":\"https:\\\/\\\/oeko-feldtage.de\\\/wp-content\\\/uploads\\\/henrikm.fotografie-230504-22.jpg\",\"datePublished\":\"2023-05-05T09:17:06+00:00\",\"dateModified\":\"2026-03-31T11:42:16+00:00\",\"breadcrumb\":{\"@id\":\"https:\\\/\\\/oeko-feldtage.de\\\/en\\\/oeko-feldtage-2023-cycling-for-more-organic-food\\\/#breadcrumb\"},\"inLanguage\":\"en-US\",\"potentialAction\":[{\"@type\":\"ReadAction\",\"target\":[\"https:\\\/\\\/oeko-feldtage.de\\\/en\\\/oeko-feldtage-2023-cycling-for-more-organic-food\\\/\"]}]},{\"@type\":\"ImageObject\",\"inLanguage\":\"en-US\",\"@id\":\"https:\\\/\\\/oeko-feldtage.de\\\/en\\\/oeko-feldtage-2023-cycling-for-more-organic-food\\\/#primaryimage\",\"url\":\"https:\\\/\\\/oeko-feldtage.de\\\/wp-content\\\/uploads\\\/henrikm.fotografie-230504-22.jpg\",\"contentUrl\":\"https:\\\/\\\/oeko-feldtage.de\\\/wp-content\\\/uploads\\\/henrikm.fotografie-230504-22.jpg\",\"width\":2048,\"height\":1365},{\"@type\":\"BreadcrumbList\",\"@id\":\"https:\\\/\\\/oeko-feldtage.de\\\/en\\\/oeko-feldtage-2023-cycling-for-more-organic-food\\\/#breadcrumb\",\"itemListElement\":[{\"@type\":\"ListItem\",\"position\":1,\"name\":\"Startseite\",\"item\":\"https:\\\/\\\/oeko-feldtage.de\\\/en\\\/oeft\\\/\"},{\"@type\":\"ListItem\",\"position\":2,\"name\":\"\u00d6ko-Feldtage 2023 - Cycling for more organic food\"}]},{\"@type\":\"WebSite\",\"@id\":\"https:\\\/\\\/oeko-feldtage.de\\\/en\\\/#website\",\"url\":\"https:\\\/\\\/oeko-feldtage.de\\\/en\\\/\",\"name\":\"\u00d6ko-Feldtage\",\"description\":\"Treffpunkt f\u00fcr die Landwirtschaft von morgen\",\"publisher\":{\"@id\":\"https:\\\/\\\/oeko-feldtage.de\\\/en\\\/#organization\"},\"potentialAction\":[{\"@type\":\"SearchAction\",\"target\":{\"@type\":\"EntryPoint\",\"urlTemplate\":\"https:\\\/\\\/oeko-feldtage.de\\\/en\\\/?s={search_term_string}\"},\"query-input\":{\"@type\":\"PropertyValueSpecification\",\"valueRequired\":true,\"valueName\":\"search_term_string\"}}],\"inLanguage\":\"en-US\"},{\"@type\":\"Organization\",\"@id\":\"https:\\\/\\\/oeko-feldtage.de\\\/en\\\/#organization\",\"name\":\"\u00d6ko-Feldtage\",\"url\":\"https:\\\/\\\/oeko-feldtage.de\\\/en\\\/\",\"logo\":{\"@type\":\"ImageObject\",\"inLanguage\":\"en-US\",\"@id\":\"https:\\\/\\\/oeko-feldtage.de\\\/en\\\/#\\\/schema\\\/logo\\\/image\\\/\",\"url\":\"https:\\\/\\\/oeko-feldtage.de\\\/wp-content\\\/uploads\\\/logo2-2.svg\",\"contentUrl\":\"https:\\\/\\\/oeko-feldtage.de\\\/wp-content\\\/uploads\\\/logo2-2.svg\",\"width\":1,\"height\":1,\"caption\":\"\u00d6ko-Feldtage\"},\"image\":{\"@id\":\"https:\\\/\\\/oeko-feldtage.de\\\/en\\\/#\\\/schema\\\/logo\\\/image\\\/\"},\"sameAs\":[\"https:\\\/\\\/www.facebook.com\\\/OekoFeldtage\\\/\",\"https:\\\/\\\/www.instagram.com\\\/oekofeldtage\\\/\"]},{\"@type\":\"Person\",\"@id\":\"https:\\\/\\\/oeko-feldtage.de\\\/en\\\/#\\\/schema\\\/person\\\/4b0312e3f85cc1c3e7c5a8ea247c2e65\",\"name\":\"Adam Zolnierek\",\"image\":{\"@type\":\"ImageObject\",\"inLanguage\":\"en-US\",\"@id\":\"https:\\\/\\\/secure.gravatar.com\\\/avatar\\\/ad334db58d780a8810e5074ed656d160ba5beea7e09a8ea66b3532f2cb42ccc8?s=96&d=mm&r=g\",\"url\":\"https:\\\/\\\/secure.gravatar.com\\\/avatar\\\/ad334db58d780a8810e5074ed656d160ba5beea7e09a8ea66b3532f2cb42ccc8?s=96&d=mm&r=g\",\"contentUrl\":\"https:\\\/\\\/secure.gravatar.com\\\/avatar\\\/ad334db58d780a8810e5074ed656d160ba5beea7e09a8ea66b3532f2cb42ccc8?s=96&d=mm&r=g\",\"caption\":\"Adam Zolnierek\"}}]}<\/script>\n<!-- \/ Yoast SEO plugin. -->","yoast_head_json":{"title":"\u00d6ko-Feldtage 2023 - Cycling for more organic food - \u00d6ko-Feldtage","robots":{"index":"index","follow":"follow","max-snippet":"max-snippet:-1","max-image-preview":"max-image-preview:large","max-video-preview":"max-video-preview:-1"},"canonical":"https:\/\/oeko-feldtage.de\/en\/oeko-feldtage-2023-cycling-for-more-organic-food\/","og_locale":"en_US","og_type":"article","og_title":"\u00d6ko-Feldtage 2023 - Cycling for more organic food - \u00d6ko-Feldtage","og_description":"In 40 days, the fourth Organic Field Days will open its doors on June 14 and 15, 2023 at the Grieshaber &amp; Schmid organic farm. Around 50 cyclists are already exploring the organic sector in Baden-W\u00fcrttemberg. From May 4 to 9, they will cycle from Stuttgart via Balingen, Freiburg and Karlsruhe to Ditzingen, where the Organic Field Days will take place.   The purpose: to have fun, network and get to know almost 30 agricultural businesses, associations, universities and advisory organizations along the way.","og_url":"https:\/\/oeko-feldtage.de\/en\/oeko-feldtage-2023-cycling-for-more-organic-food\/","og_site_name":"\u00d6ko-Feldtage","article_publisher":"https:\/\/www.facebook.com\/OekoFeldtage\/","article_published_time":"2023-05-05T09:17:06+00:00","article_modified_time":"2026-03-31T11:42:16+00:00","og_image":[{"width":1030,"height":686,"url":"https:\/\/oeko-feldtage.de\/wp-content\/uploads\/henrikm.fotografie-230504-22-1030x686.jpg","type":"image\/jpeg"}],"author":"Adam Zolnierek","twitter_card":"summary_large_image","twitter_misc":{"Written by":"Adam Zolnierek","Est. reading time":"3 minutes"},"schema":{"@context":"https:\/\/schema.org","@graph":[{"@type":"Article","@id":"https:\/\/oeko-feldtage.de\/en\/oeko-feldtage-2023-cycling-for-more-organic-food\/#article","isPartOf":{"@id":"https:\/\/oeko-feldtage.de\/en\/oeko-feldtage-2023-cycling-for-more-organic-food\/"},"author":{"name":"Adam Zolnierek","@id":"https:\/\/oeko-feldtage.de\/en\/#\/schema\/person\/4b0312e3f85cc1c3e7c5a8ea247c2e65"},"headline":"\u00d6ko-Feldtage 2023 &#8211; Cycling for more organic food","datePublished":"2023-05-05T09:17:06+00:00","dateModified":"2026-03-31T11:42:16+00:00","mainEntityOfPage":{"@id":"https:\/\/oeko-feldtage.de\/en\/oeko-feldtage-2023-cycling-for-more-organic-food\/"},"wordCount":517,"publisher":{"@id":"https:\/\/oeko-feldtage.de\/en\/#organization"},"image":{"@id":"https:\/\/oeko-feldtage.de\/en\/oeko-feldtage-2023-cycling-for-more-organic-food\/#primaryimage"},"thumbnailUrl":"https:\/\/oeko-feldtage.de\/wp-content\/uploads\/henrikm.fotografie-230504-22.jpg","articleSection":["Latest news"],"inLanguage":"en-US"},{"@type":"WebPage","@id":"https:\/\/oeko-feldtage.de\/en\/oeko-feldtage-2023-cycling-for-more-organic-food\/","url":"https:\/\/oeko-feldtage.de\/en\/oeko-feldtage-2023-cycling-for-more-organic-food\/","name":"\u00d6ko-Feldtage 2023 - Cycling for more organic food - \u00d6ko-Feldtage","isPartOf":{"@id":"https:\/\/oeko-feldtage.de\/en\/#website"},"primaryImageOfPage":{"@id":"https:\/\/oeko-feldtage.de\/en\/oeko-feldtage-2023-cycling-for-more-organic-food\/#primaryimage"},"image":{"@id":"https:\/\/oeko-feldtage.de\/en\/oeko-feldtage-2023-cycling-for-more-organic-food\/#primaryimage"},"thumbnailUrl":"https:\/\/oeko-feldtage.de\/wp-content\/uploads\/henrikm.fotografie-230504-22.jpg","datePublished":"2023-05-05T09:17:06+00:00","dateModified":"2026-03-31T11:42:16+00:00","breadcrumb":{"@id":"https:\/\/oeko-feldtage.de\/en\/oeko-feldtage-2023-cycling-for-more-organic-food\/#breadcrumb"},"inLanguage":"en-US","potentialAction":[{"@type":"ReadAction","target":["https:\/\/oeko-feldtage.de\/en\/oeko-feldtage-2023-cycling-for-more-organic-food\/"]}]},{"@type":"ImageObject","inLanguage":"en-US","@id":"https:\/\/oeko-feldtage.de\/en\/oeko-feldtage-2023-cycling-for-more-organic-food\/#primaryimage","url":"https:\/\/oeko-feldtage.de\/wp-content\/uploads\/henrikm.fotografie-230504-22.jpg","contentUrl":"https:\/\/oeko-feldtage.de\/wp-content\/uploads\/henrikm.fotografie-230504-22.jpg","width":2048,"height":1365},{"@type":"BreadcrumbList","@id":"https:\/\/oeko-feldtage.de\/en\/oeko-feldtage-2023-cycling-for-more-organic-food\/#breadcrumb","itemListElement":[{"@type":"ListItem","position":1,"name":"Startseite","item":"https:\/\/oeko-feldtage.de\/en\/oeft\/"},{"@type":"ListItem","position":2,"name":"\u00d6ko-Feldtage 2023 - Cycling for more organic food"}]},{"@type":"WebSite","@id":"https:\/\/oeko-feldtage.de\/en\/#website","url":"https:\/\/oeko-feldtage.de\/en\/","name":"\u00d6ko-Feldtage","description":"Treffpunkt f\u00fcr die Landwirtschaft von morgen","publisher":{"@id":"https:\/\/oeko-feldtage.de\/en\/#organization"},"potentialAction":[{"@type":"SearchAction","target":{"@type":"EntryPoint","urlTemplate":"https:\/\/oeko-feldtage.de\/en\/?s={search_term_string}"},"query-input":{"@type":"PropertyValueSpecification","valueRequired":true,"valueName":"search_term_string"}}],"inLanguage":"en-US"},{"@type":"Organization","@id":"https:\/\/oeko-feldtage.de\/en\/#organization","name":"\u00d6ko-Feldtage","url":"https:\/\/oeko-feldtage.de\/en\/","logo":{"@type":"ImageObject","inLanguage":"en-US","@id":"https:\/\/oeko-feldtage.de\/en\/#\/schema\/logo\/image\/","url":"https:\/\/oeko-feldtage.de\/wp-content\/uploads\/logo2-2.svg","contentUrl":"https:\/\/oeko-feldtage.de\/wp-content\/uploads\/logo2-2.svg","width":1,"height":1,"caption":"\u00d6ko-Feldtage"},"image":{"@id":"https:\/\/oeko-feldtage.de\/en\/#\/schema\/logo\/image\/"},"sameAs":["https:\/\/www.facebook.com\/OekoFeldtage\/","https:\/\/www.instagram.com\/oekofeldtage\/"]},{"@type":"Person","@id":"https:\/\/oeko-feldtage.de\/en\/#\/schema\/person\/4b0312e3f85cc1c3e7c5a8ea247c2e65","name":"Adam Zolnierek","image":{"@type":"ImageObject","inLanguage":"en-US","@id":"https:\/\/secure.gravatar.com\/avatar\/ad334db58d780a8810e5074ed656d160ba5beea7e09a8ea66b3532f2cb42ccc8?s=96&d=mm&r=g","url":"https:\/\/secure.gravatar.com\/avatar\/ad334db58d780a8810e5074ed656d160ba5beea7e09a8ea66b3532f2cb42ccc8?s=96&d=mm&r=g","contentUrl":"https:\/\/secure.gravatar.com\/avatar\/ad334db58d780a8810e5074ed656d160ba5beea7e09a8ea66b3532f2cb42ccc8?s=96&d=mm&r=g","caption":"Adam Zolnierek"}}]}},"_links":{"self":[{"href":"https:\/\/oeko-feldtage.de\/en\/wp-json\/wp\/v2\/posts\/34379","targetHints":{"allow":["GET"]}}],"collection":[{"href":"https:\/\/oeko-feldtage.de\/en\/wp-json\/wp\/v2\/posts"}],"about":[{"href":"https:\/\/oeko-feldtage.de\/en\/wp-json\/wp\/v2\/types\/post"}],"author":[{"embeddable":true,"href":"https:\/\/oeko-feldtage.de\/en\/wp-json\/wp\/v2\/users\/1"}],"replies":[{"embeddable":true,"href":"https:\/\/oeko-feldtage.de\/en\/wp-json\/wp\/v2\/comments?post=34379"}],"version-history":[{"count":2,"href":"https:\/\/oeko-feldtage.de\/en\/wp-json\/wp\/v2\/posts\/34379\/revisions"}],"predecessor-version":[{"id":36382,"href":"https:\/\/oeko-feldtage.de\/en\/wp-json\/wp\/v2\/posts\/34379\/revisions\/36382"}],"wp:featuredmedia":[{"embeddable":true,"href":"https:\/\/oeko-feldtage.de\/en\/wp-json\/wp\/v2\/media\/34253"}],"wp:attachment":[{"href":"https:\/\/oeko-feldtage.de\/en\/wp-json\/wp\/v2\/media?parent=34379"}],"wp:term":[{"taxonomy":"category","embeddable":true,"href":"https:\/\/oeko-feldtage.de\/en\/wp-json\/wp\/v2\/categories?post=34379"},{"taxonomy":"post_tag","embeddable":true,"href":"https:\/\/oeko-feldtage.de\/en\/wp-json\/wp\/v2\/tags?post=34379"}],"curies":[{"name":"wp","href":"https:\/\/api.w.org\/{rel}","templated":true}]}}